{"id":889473,"date":"2025-07-23T10:16:44","date_gmt":"2025-07-23T08:16:44","guid":{"rendered":"https:\/\/realestatemijas.com\/es\/blog\/"},"modified":"2025-07-23T12:32:55","modified_gmt":"2025-07-23T10:32:55","slug":"tienda-de-muebles-en-la-cala-de-mijas","status":"publish","type":"post","link":"https:\/\/realestatemijas.com\/es\/blog\/tienda-de-muebles-en-la-cala-de-mijas\/","title":{"rendered":"Nueva tienda de muebles en La Cala de Mijas"},"content":{"rendered":"<h1 data-start=\"173\" data-end=\"266\"><strong data-start=\"175\" data-end=\"266\">Nueva tienda de muebles en La Cala de Mijas: Dise\u00f1o exclusivo y artesan\u00eda para tu hogar<\/strong><\/h1>\n<p data-start=\"567\" data-end=\"816\">Una nueva joya ha llegado al coraz\u00f3n de la Costa del Sol. La <strong data-start=\"628\" data-end=\"675\">nueva <a href=\"http:\/\/maximofurniture.com\" target=\"_blank\" rel=\"noopener\">tienda de muebles en La Cala de Mijas<\/a>, M\u00e1ximo,<\/strong> ya est\u00e1 abierta, ofreciendo una colecci\u00f3n excepcional de muebles hechos a mano y a medida que combinan estilo, funcionalidad y originalidad.<\/p>\n<p data-start=\"567\" data-end=\"816\">Se ubica en <strong><a href=\"https:\/\/share.google\/vEqD8kzmBSNjLFaQS\" target=\"_blank\" rel=\"noopener\">Calle C\u00e1rtama 11, La Cala de Mijas, 29649<\/a><\/strong><\/p>\n<h2 data-start=\"818\" data-end=\"871\"><strong data-start=\"821\" data-end=\"871\">Donde la elegancia se une con la funcionalidad<\/strong><\/h2>\n<p data-start=\"873\" data-end=\"1154\">En esta <strong data-start=\"881\" data-end=\"928\">nueva tienda de muebles en La Cala de Mijas<\/strong>, encontrar\u00e1s mucho m\u00e1s que mobiliario: descubrir\u00e1s inspiraci\u00f3n para transformar tu hogar. Cada pieza est\u00e1 cuidadosamente dise\u00f1ada para unir la elegancia con la funcionalidad, creando colecciones atemporales para cada espacio.<\/p>\n<p data-start=\"1156\" data-end=\"1383\">Tanto si est\u00e1s amueblando un apartamento moderno, una villa junto al mar o redise\u00f1ando un local comercial, esta tienda local ofrece <strong data-start=\"1288\" data-end=\"1311\">soluciones a medida<\/strong> que se adaptan perfectamente a tu estilo de vida, gustos y necesidades.<\/p>\n<h2 data-start=\"1385\" data-end=\"1420\"><strong data-start=\"1388\" data-end=\"1420\">Calidad artesanal desde 1984<\/strong><\/h2>\n<p data-start=\"1422\" data-end=\"1718\">Con ra\u00edces en Lucena (C\u00f3rdoba), una zona con gran tradici\u00f3n en la fabricaci\u00f3n de muebles, esta empresa familiar lleva desde <strong data-start=\"1546\" data-end=\"1597\">1984 dedicada al dise\u00f1o y fabricaci\u00f3n artesanal<\/strong> de mobiliario. Cada pieza se elabora con <strong data-start=\"1639\" data-end=\"1681\">materiales europeos de primeras marcas<\/strong>, garantizando durabilidad y belleza.<\/p>\n<p data-start=\"1720\" data-end=\"1951\">Desde salones contempor\u00e1neos hasta dormitorios acogedores y elegantes comedores, todo se fabrica a mano por <strong data-start=\"1828\" data-end=\"1874\">artesanos expertos que cuidan cada detalle<\/strong>. El resultado: muebles que no solo se ven bien, sino que duran toda la vida.<\/p>\n<h2 data-start=\"1953\" data-end=\"1988\"><strong data-start=\"1956\" data-end=\"1988\">Qu\u00e9 encontrar\u00e1s en la tienda<\/strong><\/h2>\n<p data-start=\"1990\" data-end=\"2057\">La exposici\u00f3n en La Cala de Mijas incluye una cuidada selecci\u00f3n de:<\/p>\n<ul data-start=\"2058\" data-end=\"2271\">\n<li data-start=\"2058\" data-end=\"2083\">\n<p data-start=\"2060\" data-end=\"2083\"><a href=\"https:\/\/maximofurniture.com\/evolution-salones\" target=\"_blank\" rel=\"noopener\"><strong data-start=\"2060\" data-end=\"2081\">Salones completos<\/strong><\/a><\/p>\n<\/li>\n<li data-start=\"2084\" data-end=\"2114\">\n<p data-start=\"2086\" data-end=\"2114\"><a href=\"https:\/\/maximofurniture.com\/evolution-dormitorios\" target=\"_blank\" rel=\"noopener\"><strong data-start=\"2086\" data-end=\"2112\">Dormitorios exclusivos<\/strong><\/a><\/p>\n<\/li>\n<li data-start=\"2115\" data-end=\"2148\">\n<p data-start=\"2117\" data-end=\"2148\"><strong data-start=\"2117\" data-end=\"2146\">Mesas y sillas de comedor<\/strong><\/p>\n<\/li>\n<li data-start=\"2149\" data-end=\"2188\">\n<p data-start=\"2151\" data-end=\"2188\"><strong data-start=\"2151\" data-end=\"2186\">Muebles auxiliares y de entrada<\/strong><\/p>\n<\/li>\n<li data-start=\"2189\" data-end=\"2221\">\n<p data-start=\"2191\" data-end=\"2221\"><strong data-start=\"2191\" data-end=\"2219\">Decoraci\u00f3n para el hogar<\/strong><\/p>\n<\/li>\n<li data-start=\"2222\" data-end=\"2271\">\n<p data-start=\"2224\" data-end=\"2271\"><strong data-start=\"2224\" data-end=\"2271\">Cocinas y soluciones de almacenaje a medida<\/strong><\/p>\n<\/li>\n<\/ul>\n<p data-start=\"2273\" data-end=\"2434\">Tanto si buscas amueblar toda una vivienda como si quieres dar un nuevo aire a un rinc\u00f3n especial, su equipo te asesorar\u00e1 para elegir o crear el dise\u00f1o perfecto.<\/p>\n<h2 data-start=\"2436\" data-end=\"2496\"><strong data-start=\"2439\" data-end=\"2496\">Visita la nueva tienda de muebles en La Cala de Mijas<\/strong><\/h2>\n<p data-start=\"2498\" data-end=\"2702\">Ven a descubrir la diferencia de un mobiliario <strong data-start=\"2545\" data-end=\"2588\">aut\u00e9ntico, artesanal y con personalidad<\/strong>. El equipo estar\u00e1 encantado de ayudarte a dar vida a tus ideas, con muebles personalizados y acabados impecables.<\/p>\n<p data-start=\"2704\" data-end=\"2836\"><strong data-start=\"2704\" data-end=\"2836\">No te conformes con lo ordinario. Descubre un nuevo nivel de dise\u00f1o y confort en la nueva tienda de muebles en La Cala de Mijas.<\/strong><\/p>\n","protected":false},"excerpt":{"rendered":"<p>Nueva tienda de muebles en La Cala de Mijas: Dise\u00f1o exclusivo y artesan\u00eda para tu hogar Una nueva joya ha llegado al coraz\u00f3n de la Costa del Sol. La nueva tienda de muebles en La Cala de Mijas, M\u00e1ximo, ya est\u00e1 abierta, ofreciendo una colecci\u00f3n [&hellip;]<\/p>\n","protected":false},"author":3,"featured_media":889472,"comment_status":"open","ping_status":"open","sticky":false,"template":"","format":"standard","meta":{"footnotes":""},"categories":[2],"tags":[],"class_list":["post-889473","post","type-post","status-publish","format-standard","has-post-thumbnail","hentry","category-sin-categorizar"],"_links":{"self":[{"href":"https:\/\/realestatemijas.com\/es\/wp-json\/wp\/v2\/posts\/889473","targetHints":{"allow":["GET"]}}],"collection":[{"href":"https:\/\/realestatemijas.com\/es\/wp-json\/wp\/v2\/posts"}],"about":[{"href":"https:\/\/realestatemijas.com\/es\/wp-json\/wp\/v2\/types\/post"}],"author":[{"embeddable":true,"href":"https:\/\/realestatemijas.com\/es\/wp-json\/wp\/v2\/users\/3"}],"replies":[{"embeddable":true,"href":"https:\/\/realestatemijas.com\/es\/wp-json\/wp\/v2\/comments?post=889473"}],"version-history":[{"count":1,"href":"https:\/\/realestatemijas.com\/es\/wp-json\/wp\/v2\/posts\/889473\/revisions"}],"predecessor-version":[{"id":889474,"href":"https:\/\/realestatemijas.com\/es\/wp-json\/wp\/v2\/posts\/889473\/revisions\/889474"}],"wp:featuredmedia":[{"embeddable":true,"href":"https:\/\/realestatemijas.com\/es\/wp-json\/wp\/v2\/media\/889472"}],"wp:attachment":[{"href":"https:\/\/realestatemijas.com\/es\/wp-json\/wp\/v2\/media?parent=889473"}],"wp:term":[{"taxonomy":"category","embeddable":true,"href":"https:\/\/realestatemijas.com\/es\/wp-json\/wp\/v2\/categories?post=889473"},{"taxonomy":"post_tag","embeddable":true,"href":"https:\/\/realestatemijas.com\/es\/wp-json\/wp\/v2\/tags?post=889473"}],"curies":[{"name":"wp","href":"https:\/\/api.w.org\/{rel}","templated":true}]}}