{"id":309472,"date":"2023-04-27T12:57:10","date_gmt":"2023-04-27T10:57:10","guid":{"rendered":"https:\/\/realestatemijas.com\/es\/blog\/"},"modified":"2024-09-17T19:43:27","modified_gmt":"2024-09-17T17:43:27","slug":"mercadillo-de-la-cala-de-mijas","status":"publish","type":"post","link":"https:\/\/realestatemijas.com\/es\/blog\/mercadillo-de-la-cala-de-mijas\/","title":{"rendered":"La Calaw de Mijas Market: What Do You Need to Know?"},"content":{"rendered":"<p>[vc_row][vc_column][vc_custom_heading text=\u00bbMercadillo de La Cala de Mijas: cu\u00e1ndo es y d\u00f3nde est\u00e1\u00bb font_container=\u00bbtag:h1|text_align:left\u00bb][vc_row_inner][vc_column_inner width=\u00bb1\/2&#8243;][vc_column_text]<strong>El mercadillo de La Cala de Mijas<\/strong> se celebra todos los mi\u00e9rcoles y s\u00e1bados de la semana en el <a href=\"https:\/\/goo.gl\/maps\/emVt8UfxHQoAGMTs7\" target=\"_blank\" rel=\"noopener\"><strong>Recinto Ferial de La Cala de Mijas<\/strong><\/a>, pr\u00e1cticamente casi en el centro de La Cala.<\/p>\n<p>Es un mercadillo muy popular que ofrece una amplia variedad de productos, incluyendo ropa, joyas, artesan\u00edas, alimentos locales y mucho m\u00e1s, al que acude cientos de personas de todas las nacionalidades (espa\u00f1oles, brit\u00e1nicos, irlandeses, belgas&#8230;)<\/p>\n<p>En el mercadillo <strong>se pueden encontrar productos frescos y de calidad<\/strong>, como <strong>frutas y verduras<\/strong>, adem\u00e1s de una gran variedad de productos t\u00edpicos de la zona, como quesos, embutidos y aceitunas.<\/p>\n<p>Tambi\u00e9n <strong>hay puestos de ropa y complementos<\/strong>, donde se pueden encontrar<strong> aut\u00e9nticas gangas y art\u00edculos \u00fanicos<\/strong>.<\/p>\n<p>Si est\u00e1s de visita en La Cala de Mijas, el mercadillo es definitivamente una visita obligada.<\/p>\n<p>Pasear por los puestos y comprar algunos productos frescos y artesan\u00edas locales puede ser una experiencia muy agradable. Sin embargo,<strong> ten en cuenta que el mercado puede estar muy concurrido<\/strong> y el precio de algunos productos puede ser elevado.<\/p>\n<p>Adem\u00e1s, la playa de La Cala est\u00e1 a pocos minutos a pie, lo que la convierte en un lugar ideal para pasar una tarde despu\u00e9s de visitar el mercadillo.[\/vc_column_text][\/vc_column_inner][vc_column_inner width=\u00bb1\/2&#8243;][vc_single_image image=\u00bb889084&#8243; img_size=\u00bbfull\u00bb][\/vc_column_inner][\/vc_row_inner][vc_custom_heading text=\u00bb\u00bfD\u00f3nde se hace el mercadillo de La Cala de Mijas?\u00bb][vc_column_text]Aqu\u00ed te dejamos la ubicaci\u00f3n del mercadillo de La Cala[\/vc_column_text][vc_gmaps link=\u00bb#E-8_JTNDaWZyYW1lJTIwc3JjJTNEJTIyaHR0cHMlM0ElMkYlMkZ3d3cuZ29vZ2xlLmNvbSUyRm1hcHMlMkZlbWJlZCUzRnBiJTNEJTIxMW0xNCUyMTFtMTIlMjExbTMlMjExZDE5OTkuMzk5MzM0NjIzNzcxNyUyMTJkLTQuNjgzMTUxMTQzOTU1NTU5JTIxM2QzNi41MDUzODEwNDQyMzYwOTYlMjEybTMlMjExZjAlMjEyZjAlMjEzZjAlMjEzbTIlMjExaTEwMjQlMjEyaTc2OCUyMTRmMTMuMSUyMTVlMCUyMTNtMiUyMTFzZXMlMjEyc2VzJTIxNHYxNjgyNTkyMDg2NzI3JTIxNW0yJTIxMXNlcyUyMTJzZXMlMjIlMjB3aWR0aCUzRCUyMjYwMCUyMiUyMGhlaWdodCUzRCUyMjYwMCUyMiUyMHN0eWxlJTNEJTIyYm9yZGVyJTNBMCUzQiUyMiUyMGFsbG93ZnVsbHNjcmVlbiUzRCUyMiUyMiUyMGxvYWRpbmclM0QlMjJsYXp5JTIyJTIwcmVmZXJyZXJwb2xpY3klM0QlMjJuby1yZWZlcnJlci13aGVuLWRvd25ncmFkZSUyMiUzRSUzQyUyRmlmcmFtZSUzRQ==\u00bb][vc_custom_heading text=\u00bb\u00bfQu\u00e9 otros sitios puedo ver cerca del mercadillo de La Cala de Mijas?\u00bb font_container=\u00bbtag:h3|text_align:left\u00bb][vc_column_text]Cerca del recinto ferial, d\u00f3nde se realiza el mercadillo de La Cala de Mijas, puedes encontrar otros servicios y establecimientos.[\/vc_column_text][vc_row_inner][vc_column_inner width=\u00bb1\/2&#8243;][vc_column_text]<\/p>\n<h4>Supermercados:<\/h4>\n<ul>\n<li>Aldi<\/li>\n<li>Lidl<\/li>\n<li>Carrefour<\/li>\n<li>Mercadona<\/li>\n<\/ul>\n<h4>Transporte p\u00fablico:<\/h4>\n<ul>\n<li>Taxi<\/li>\n<li>Autobuses<\/li>\n<\/ul>\n<p>[\/vc_column_text][\/vc_column_inner][vc_column_inner width=\u00bb1\/2&#8243;][vc_column_text]<\/p>\n<h4>Restaurantes:<\/h4>\n<ul>\n<li><a href=\"https:\/\/bsweet.es\/\" target=\"_blank\" rel=\"noopener\">Bsweet Coffee &amp; Bakery<\/a><\/li>\n<li>Club de Golf La Noria<\/li>\n<li>La Costa Caf\u00e9<\/li>\n<li>DAK Burger<\/li>\n<li>El Gusto<\/li>\n<li>Trattoria Angelo<\/li>\n<\/ul>\n<h4>Bancos:<\/h4>\n<ul>\n<li>Unicaja<\/li>\n<li>Sabadell<\/li>\n<li>La Caixa<\/li>\n<\/ul>\n<p>[\/vc_column_text][\/vc_column_inner][\/vc_row_inner][vc_column_text]<\/p>\n<h2>\u00bfBuscas una vivienda en La Cala de Mijas?<\/h2>\n<p>Contamos con <a href=\"https:\/\/realestatemijas.com\/es\/propiedades\/la-cala-de-mijas\/\">viviendas en venta en La Cala de Mijas<\/a>, pisos, villas y casas. Si est\u00e1s buscando comprar o vender una vivienda, puedes contactar con nuestros <a href=\"https:\/\/realestatemijas.com\/es\/sobre-nosotros\/\">agentes inmobiliarios en La Cala<\/a>[\/vc_column_text][\/vc_column][\/vc_row]<\/p>\n","protected":false},"excerpt":{"rendered":"<p>[vc_row][vc_column][vc_custom_heading text=\u00bbMercadillo de La Cala de Mijas: cu\u00e1ndo es y d\u00f3nde est\u00e1\u00bb font_container=\u00bbtag:h1|text_align:left\u00bb][vc_row_inner][vc_column_inner width=\u00bb1\/2&#8243;][vc_column_text]El mercadillo de La Cala de Mijas se celebra todos los mi\u00e9rcoles y s\u00e1bados de la semana en el Recinto Ferial de La Cala de Mijas, pr\u00e1cticamente casi en el centro de [&hellip;]<\/p>\n","protected":false},"author":3,"featured_media":309483,"comment_status":"open","ping_status":"open","sticky":false,"template":"","format":"standard","meta":{"footnotes":""},"categories":[1656,2],"tags":[],"class_list":["post-309472","post","type-post","status-publish","format-standard","has-post-thumbnail","hentry","category-articulos","category-sin-categorizar"],"_links":{"self":[{"href":"https:\/\/realestatemijas.com\/es\/wp-json\/wp\/v2\/posts\/309472","targetHints":{"allow":["GET"]}}],"collection":[{"href":"https:\/\/realestatemijas.com\/es\/wp-json\/wp\/v2\/posts"}],"about":[{"href":"https:\/\/realestatemijas.com\/es\/wp-json\/wp\/v2\/types\/post"}],"author":[{"embeddable":true,"href":"https:\/\/realestatemijas.com\/es\/wp-json\/wp\/v2\/users\/3"}],"replies":[{"embeddable":true,"href":"https:\/\/realestatemijas.com\/es\/wp-json\/wp\/v2\/comments?post=309472"}],"version-history":[{"count":1,"href":"https:\/\/realestatemijas.com\/es\/wp-json\/wp\/v2\/posts\/309472\/revisions"}],"predecessor-version":[{"id":889087,"href":"https:\/\/realestatemijas.com\/es\/wp-json\/wp\/v2\/posts\/309472\/revisions\/889087"}],"wp:featuredmedia":[{"embeddable":true,"href":"https:\/\/realestatemijas.com\/es\/wp-json\/wp\/v2\/media\/309483"}],"wp:attachment":[{"href":"https:\/\/realestatemijas.com\/es\/wp-json\/wp\/v2\/media?parent=309472"}],"wp:term":[{"taxonomy":"category","embeddable":true,"href":"https:\/\/realestatemijas.com\/es\/wp-json\/wp\/v2\/categories?post=309472"},{"taxonomy":"post_tag","embeddable":true,"href":"https:\/\/realestatemijas.com\/es\/wp-json\/wp\/v2\/tags?post=309472"}],"curies":[{"name":"wp","href":"https:\/\/api.w.org\/{rel}","templated":true}]}}